{"id":9046,"date":"2024-04-15T10:29:55","date_gmt":"2024-04-15T09:29:55","guid":{"rendered":"https:\/\/www.consortium.lu\/?p=9046"},"modified":"2024-04-15T10:29:55","modified_gmt":"2024-04-15T09:29:55","slug":"lexis360-temporairement-innacessible","status":"publish","type":"post","link":"https:\/\/www.consortium.lu\/?p=9046","title":{"rendered":"Lexis 360: acc\u00e8s r\u00e9tabli (Update 15\/04)"},"content":{"rendered":"\n<p><strong>Nous sommes heureux de vous annoncer que l&#8217;acc\u00e8s \u00e0 la base de donn\u00e9es Lexis 360 a \u00e9t\u00e9 r\u00e9tabli.<\/strong><\/p>\n\n\n\n<p>Comme vous le savez, Lexis 360 requiert la cr\u00e9ation d\u2019un compte utilisateur personnel, en plus de la connexion \u00e0 la biblioth\u00e8que bibgov.lu via votre carte de lecteur.<\/p>\n\n\n\n<p><strong>Probl\u00e8me rencontr\u00e9 :<\/strong><\/p>\n\n\n\n<p>Suite \u00e0 une migration technique effectu\u00e9e par l&#8217;\u00e9diteur Lexis en mi-f\u00e9vrier, un dysfonctionnement a entra\u00een\u00e9 la d\u00e9sactivation de notre acc\u00e8s et la suspension de tous les comptes utilisateurs personnels. Lexis a omis d&#8217;informer les utilisateurs par email individuel concernant la migration et les comptes sont rest\u00e9s sans acc\u00e8s \u00e0 la nouvelle plateforme. Ce probl\u00e8me n&#8217;a \u00e9t\u00e9 identifi\u00e9 par Lexis qu&#8217;apr\u00e8s des semaines de d\u00e9bogage en collaboration avec les \u00e9quipes de la biblioth\u00e8que nationale. Une tentative d&#8217;envoi du &#8220;Welcome Kit&#8221; pour finalement migrer les comptes vers la nouvelle plateforme a \u00e9t\u00e9 effectu\u00e9e autour de P\u00e2ques, mais a \u00e9chou\u00e9 en raison de l&#8217;absence d&#8217;int\u00e9gration de la connexion par carte de lecteur, malgr\u00e9 nos rappels r\u00e9p\u00e9t\u00e9s. <\/p>\n\n\n\n<p> <strong>Cons\u00e9quences :<\/strong><\/p>\n\n\n\n<ul class=\"wp-block-list\">\n<li>Perte des comptes personnels existants (incluant les recherches sauvegard\u00e9es, favoris, etc.)<\/li>\n\n\n\n<li>Envoi de &#8220;Welcome Kit&#8221; avec des instructions de migration erron\u00e9es<\/li>\n<\/ul>\n\n\n\n<p><strong>Solution :<\/strong><\/p>\n\n\n\n<p>Pour utiliser de nouveau Lexis 360, veuillez suivre les \u00e9tapes suivantes :<\/p>\n\n\n\n<ol class=\"wp-block-list\">\n<li><strong>Supprimer les cookies de votre navigateur.<\/strong><\/li>\n<\/ol>\n\n\n\n<p>Suivez les instructions ci-dessous pour votre navigateur respectif :<\/p>\n\n\n\n<ul class=\"wp-block-list\">\n<li>Google Chrome :&nbsp;<a target=\"_blank\" rel=\"noreferrer noopener\" href=\"https:\/\/support.google.com\/chrome\/?hl=en\">https:\/\/support.google.com\/chrome\/?hl=en<\/a><\/li>\n\n\n\n<li>Mozilla Firefox :&nbsp;<a target=\"_blank\" rel=\"noreferrer noopener\" href=\"https:\/\/support.mozilla.org\/\">https:\/\/support.mozilla.org\/<\/a><\/li>\n\n\n\n<li>Microsoft Edge :&nbsp;<a target=\"_blank\" rel=\"noreferrer noopener\" href=\"https:\/\/%3C1%3Esupport.microsoft.com\/en-us\/microsoft-edge\/delete-cookies-in-microsoft-edge-63947406-40ac-c3b8-57b9-2a946a29ae09\">https:\/\/support.microsoft.com\/en-us\/microsoft-edge\/delete-cookies-in-microsoft-edge-63947406-40ac-c3b8-57b9-2a946a29ae09<\/a><\/li>\n\n\n\n<li>Apple Safari :&nbsp;<a target=\"_blank\" rel=\"noreferrer noopener\" href=\"https:\/\/help.apple.com\/safari\/mac\/8.0\/en.lproj\/sfri11471.html\">https:\/\/help.apple.com\/safari\/mac\/8.0\/en.lproj\/sfri11471.html<\/a><\/li>\n<\/ul>\n\n\n\n<p><strong>Remarque :<\/strong> La suppression des cookies vous d\u00e9connectera \u00e9galement d&#8217;autres sites web. Vous devrez vous reconnecter \u00e0 ces sites par la suite.<\/p>\n\n\n\n<ol class=\"wp-block-list\" start=\"2\">\n<li><strong>Cr\u00e9er un nouveau compte personnel.<\/strong><\/li>\n<\/ol>\n\n\n\n<p><strong>Important :<\/strong> Le nouvel identifiant et l&#8217;adresse email ne doivent pas correspondre \u00e0 ceux de votre compte pr\u00e9c\u00e9dent.<\/p>\n\n\n\n<p><strong>En cas de questions, veuillez nous contacter \u00e0 l&#8217;adresse help@consortium.lu.<\/strong><\/p>\n\n\n\n<p>Nous nous excusons sinc\u00e8rement pour les d\u00e9sagr\u00e9ments caus\u00e9s et vous remercions de votre patience durant cette p\u00e9riode. <\/p>\n","protected":false},"excerpt":{"rendered":"<p>Nous sommes heureux de vous annoncer que l&#8217;acc\u00e8s \u00e0 la base de donn\u00e9es Lexis 360 a \u00e9t\u00e9 r\u00e9tabli. Comme vous le savez, Lexis 360 requiert la cr\u00e9ation d\u2019un compte utilisateur personnel, en plus de la connexion \u00e0 la biblioth\u00e8que bibgov.lu via votre carte de lecteur. Probl\u00e8me rencontr\u00e9 : Suite \u00e0 une migration technique effectu\u00e9e par [&hellip;]<\/p>\n","protected":false},"author":7,"featured_media":0,"comment_status":"closed","ping_status":"open","sticky":false,"template":"","format":"standard","meta":{"footnotes":""},"categories":[7],"tags":[],"class_list":["post-9046","post","type-post","status-publish","format-standard","hentry","category-maintenance"],"_links":{"self":[{"href":"https:\/\/www.consortium.lu\/index.php?rest_route=\/wp\/v2\/posts\/9046","targetHints":{"allow":["GET"]}}],"collection":[{"href":"https:\/\/www.consortium.lu\/index.php?rest_route=\/wp\/v2\/posts"}],"about":[{"href":"https:\/\/www.consortium.lu\/index.php?rest_route=\/wp\/v2\/types\/post"}],"author":[{"embeddable":true,"href":"https:\/\/www.consortium.lu\/index.php?rest_route=\/wp\/v2\/users\/7"}],"replies":[{"embeddable":true,"href":"https:\/\/www.consortium.lu\/index.php?rest_route=%2Fwp%2Fv2%2Fcomments&post=9046"}],"version-history":[{"count":13,"href":"https:\/\/www.consortium.lu\/index.php?rest_route=\/wp\/v2\/posts\/9046\/revisions"}],"predecessor-version":[{"id":9078,"href":"https:\/\/www.consortium.lu\/index.php?rest_route=\/wp\/v2\/posts\/9046\/revisions\/9078"}],"wp:attachment":[{"href":"https:\/\/www.consortium.lu\/index.php?rest_route=%2Fwp%2Fv2%2Fmedia&parent=9046"}],"wp:term":[{"taxonomy":"category","embeddable":true,"href":"https:\/\/www.consortium.lu\/index.php?rest_route=%2Fwp%2Fv2%2Fcategories&post=9046"},{"taxonomy":"post_tag","embeddable":true,"href":"https:\/\/www.consortium.lu\/index.php?rest_route=%2Fwp%2Fv2%2Ftags&post=9046"}],"curies":[{"name":"wp","href":"https:\/\/api.w.org\/{rel}","templated":true}]}}